{"id":103,"date":"2025-12-22T17:03:34","date_gmt":"2025-12-22T17:03:34","guid":{"rendered":"https:\/\/hubertruettimann.ch\/blog\/?p=103"},"modified":"2025-12-22T17:05:51","modified_gmt":"2025-12-22T17:05:51","slug":"fladenbrot","status":"publish","type":"post","link":"https:\/\/hubertruettimann.ch\/blog\/?p=103","title":{"rendered":"Fladenbrot"},"content":{"rendered":"\n<p>Zutaten f\u00fcr 8 Personen<br>350 gr Mehl<br>1 TL Salz<br>3 EL Planzen\u00f6l<br>Wasser f\u00fcr den Teig<br>250 gr Butter (weich, besser sehr weich)<br>\u00d6l zum Braten<\/p>\n\n\n\n<p>Mehl und Salz vermischen, \u00d6l hinzuf\u00fcgen und kr\u00fcmelig reiben.<\/p>\n\n\n\n<p>Mit so viel Wasser vermengen, dass ein ziemlich Weicher Teig entsteht.<\/p>\n\n\n\n<p>Ausrollen, mit dem sehr weichen Butter bestreichen.<\/p>\n\n\n\n<p>Zusammenrollen und ruhen lassen (ca 1h)<\/p>\n\n\n\n<p>Etwa tennisballgrosse Kugeln formen, auswallen und in der Pfanne beidseitig ca. 2-3 Minuten braten<\/p>\n\n\n\n<p>Das ist dann einfach gut. Mit so viel Anken und \u00d6l. Bei weniger als 8 Personen kann man dann auf alle Beilagen verzichten.<\/p>\n","protected":false},"excerpt":{"rendered":"<p>Zutaten f\u00fcr 8 Personen350 gr Mehl1 TL Salz3 EL Planzen\u00f6lWasser f\u00fcr den Teig250 gr Butter (weich, besser sehr weich)\u00d6l zum Braten Mehl und Salz vermischen, \u00d6l hinzuf\u00fcgen und kr\u00fcmelig reiben. Mit so viel Wasser vermengen, dass ein ziemlich Weicher Teig entsteht. Ausrollen, mit dem sehr weichen Butter bestreichen. Zusammenrollen und ruhen lassen (ca 1h) Etwa &hellip; <a href=\"https:\/\/hubertruettimann.ch\/blog\/?p=103\" class=\"more-link\"><span class=\"screen-reader-text\">\u201eFladenbrot\u201c <\/span>weiterlesen<\/a><\/p>\n","protected":false},"author":1,"featured_media":0,"comment_status":"closed","ping_status":"","sticky":false,"template":"","format":"standard","meta":{"_jetpack_memberships_contains_paid_content":false,"footnotes":""},"categories":[5],"tags":[4],"class_list":["post-103","post","type-post","status-publish","format-standard","hentry","category-kochen","tag-essen"],"jetpack_featured_media_url":"","jetpack_sharing_enabled":true,"_links":{"self":[{"href":"https:\/\/hubertruettimann.ch\/blog\/index.php?rest_route=\/wp\/v2\/posts\/103","targetHints":{"allow":["GET"]}}],"collection":[{"href":"https:\/\/hubertruettimann.ch\/blog\/index.php?rest_route=\/wp\/v2\/posts"}],"about":[{"href":"https:\/\/hubertruettimann.ch\/blog\/index.php?rest_route=\/wp\/v2\/types\/post"}],"author":[{"embeddable":true,"href":"https:\/\/hubertruettimann.ch\/blog\/index.php?rest_route=\/wp\/v2\/users\/1"}],"replies":[{"embeddable":true,"href":"https:\/\/hubertruettimann.ch\/blog\/index.php?rest_route=%2Fwp%2Fv2%2Fcomments&post=103"}],"version-history":[{"count":3,"href":"https:\/\/hubertruettimann.ch\/blog\/index.php?rest_route=\/wp\/v2\/posts\/103\/revisions"}],"predecessor-version":[{"id":106,"href":"https:\/\/hubertruettimann.ch\/blog\/index.php?rest_route=\/wp\/v2\/posts\/103\/revisions\/106"}],"wp:attachment":[{"href":"https:\/\/hubertruettimann.ch\/blog\/index.php?rest_route=%2Fwp%2Fv2%2Fmedia&parent=103"}],"wp:term":[{"taxonomy":"category","embeddable":true,"href":"https:\/\/hubertruettimann.ch\/blog\/index.php?rest_route=%2Fwp%2Fv2%2Fcategories&post=103"},{"taxonomy":"post_tag","embeddable":true,"href":"https:\/\/hubertruettimann.ch\/blog\/index.php?rest_route=%2Fwp%2Fv2%2Ftags&post=103"}],"curies":[{"name":"wp","href":"https:\/\/api.w.org\/{rel}","templated":true}]}}