{"id":14,"date":"2025-08-03T15:05:34","date_gmt":"2025-08-03T15:05:34","guid":{"rendered":"https:\/\/hubertruettimann.ch\/blog\/?p=14"},"modified":"2025-08-17T08:47:43","modified_gmt":"2025-08-17T08:47:43","slug":"gruenes-band-etappe-1","status":"publish","type":"post","link":"https:\/\/hubertruettimann.ch\/blog\/?p=14","title":{"rendered":"Gr\u00fcnes Band, Etappe 1"},"content":{"rendered":"\n<p><strong>Bad Sooden-Allendorf bis Hohengandern, 15km<\/strong><\/p>\n\n\n\n<p>Vor einige Zeit bin ich auf den Kolonnenweg aufmerksam geworden. Eine Strecke entlang der ehemaligen Grenze welche die DDR und BRD trennte. Nun ist das ein gr\u00fcnes Band geworden, welches sich durch die Landschaft windet. An vielen Stellen sind die Betonplatten noch vorhanden, welche den Kolonnenweg ausmachten.<\/p>\n\n\n\n<p><a href=\"\/\/umap.osm.ch\/de\/map\/grunes-band_10795?\nscaleControl=false&amp;miniMap=false&amp;scrollWheelZoom=true&amp;zoomControl=true&amp;editMode=disabled&amp;moreControl=true&amp;searchControl=null&amp;tilelayersControl=null&amp;embedControl=null&amp;datalayersControl=true&amp;onLoadPanel=none&amp;captionBar=false&amp;captionMenus=true\">Link zu Karten\u00fcbersicht<\/a><\/p>\n\n\n\n<p>Erste Etappe startet, mehr per Zufall, bei Bad-Sooden-Allendorf.<\/p>\n\n\n\n<figure class=\"wp-block-image size-large\"><img loading=\"lazy\" decoding=\"async\" width=\"1024\" height=\"684\" src=\"https:\/\/hubertruettimann.ch\/blog\/wp-content\/uploads\/2025\/08\/EMC_1382-1024x684.jpg\" alt=\"\" class=\"wp-image-15\" srcset=\"https:\/\/hubertruettimann.ch\/blog\/wp-content\/uploads\/2025\/08\/EMC_1382-1024x684.jpg 1024w, https:\/\/hubertruettimann.ch\/blog\/wp-content\/uploads\/2025\/08\/EMC_1382-300x201.jpg 300w, https:\/\/hubertruettimann.ch\/blog\/wp-content\/uploads\/2025\/08\/EMC_1382-768x513.jpg 768w, https:\/\/hubertruettimann.ch\/blog\/wp-content\/uploads\/2025\/08\/EMC_1382-1536x1027.jpg 1536w, https:\/\/hubertruettimann.ch\/blog\/wp-content\/uploads\/2025\/08\/EMC_1382-2048x1369.jpg 2048w, https:\/\/hubertruettimann.ch\/blog\/wp-content\/uploads\/2025\/08\/EMC_1382-1200x802.jpg 1200w\" sizes=\"auto, (max-width: 709px) 85vw, (max-width: 909px) 67vw, (max-width: 1362px) 62vw, 840px\" \/><\/figure>\n\n\n\n<p>Das ist der Startort. Dorfplatz in Bad-Sooden-Allendorf. Ein wundersch\u00f6ner Ort. Bei meiner Ankunft am Vortag wurden die Strassen f\u00fcr das Erntedankfest, welches am 15. August stattfindet, geschm\u00fcckt.<\/p>\n\n\n\n<figure class=\"wp-block-image size-large\"><a href=\"https:\/\/hubertruettimann.ch\/blog\/?attachment_id=18\"><img loading=\"lazy\" decoding=\"async\" width=\"1024\" height=\"684\" src=\"https:\/\/hubertruettimann.ch\/blog\/wp-content\/uploads\/2025\/08\/EMC_1385-1024x684.jpg\" alt=\"\" class=\"wp-image-18\" srcset=\"https:\/\/hubertruettimann.ch\/blog\/wp-content\/uploads\/2025\/08\/EMC_1385-1024x684.jpg 1024w, https:\/\/hubertruettimann.ch\/blog\/wp-content\/uploads\/2025\/08\/EMC_1385-300x201.jpg 300w, https:\/\/hubertruettimann.ch\/blog\/wp-content\/uploads\/2025\/08\/EMC_1385-768x513.jpg 768w, https:\/\/hubertruettimann.ch\/blog\/wp-content\/uploads\/2025\/08\/EMC_1385-1536x1027.jpg 1536w, https:\/\/hubertruettimann.ch\/blog\/wp-content\/uploads\/2025\/08\/EMC_1385-2048x1369.jpg 2048w, https:\/\/hubertruettimann.ch\/blog\/wp-content\/uploads\/2025\/08\/EMC_1385-1200x802.jpg 1200w\" sizes=\"auto, (max-width: 709px) 85vw, (max-width: 909px) 67vw, (max-width: 1362px) 62vw, 840px\" \/><\/a><\/figure>\n\n\n\n<p>Bevor ich am eigentlichen Startpunkt ankam, zeigten sich schon regnerische Wolken an der H\u00fcgelkette.<\/p>\n\n\n\n<figure class=\"wp-block-image size-large\"><a href=\"https:\/\/hubertruettimann.ch\/blog\/wp-content\/uploads\/2025\/08\/EMC_1386-scaled.jpg\"><img loading=\"lazy\" decoding=\"async\" width=\"1024\" height=\"684\" src=\"https:\/\/hubertruettimann.ch\/blog\/wp-content\/uploads\/2025\/08\/EMC_1386-1024x684.jpg\" alt=\"\" class=\"wp-image-20\" srcset=\"https:\/\/hubertruettimann.ch\/blog\/wp-content\/uploads\/2025\/08\/EMC_1386-1024x684.jpg 1024w, https:\/\/hubertruettimann.ch\/blog\/wp-content\/uploads\/2025\/08\/EMC_1386-300x201.jpg 300w, https:\/\/hubertruettimann.ch\/blog\/wp-content\/uploads\/2025\/08\/EMC_1386-768x513.jpg 768w, https:\/\/hubertruettimann.ch\/blog\/wp-content\/uploads\/2025\/08\/EMC_1386-1536x1027.jpg 1536w, https:\/\/hubertruettimann.ch\/blog\/wp-content\/uploads\/2025\/08\/EMC_1386-2048x1369.jpg 2048w, https:\/\/hubertruettimann.ch\/blog\/wp-content\/uploads\/2025\/08\/EMC_1386-1200x802.jpg 1200w\" sizes=\"auto, (max-width: 709px) 85vw, (max-width: 909px) 67vw, (max-width: 1362px) 62vw, 840px\" \/><\/a><\/figure>\n\n\n\n<p>Erster Informationsstand ganz nahe der alten Grenze.<\/p>\n\n\n\n<figure class=\"wp-block-image size-large\"><img loading=\"lazy\" decoding=\"async\" width=\"684\" height=\"1024\" src=\"https:\/\/hubertruettimann.ch\/blog\/wp-content\/uploads\/2025\/08\/EMC_1388-684x1024.jpg\" alt=\"\" class=\"wp-image-25\" srcset=\"https:\/\/hubertruettimann.ch\/blog\/wp-content\/uploads\/2025\/08\/EMC_1388-684x1024.jpg 684w, https:\/\/hubertruettimann.ch\/blog\/wp-content\/uploads\/2025\/08\/EMC_1388-201x300.jpg 201w, https:\/\/hubertruettimann.ch\/blog\/wp-content\/uploads\/2025\/08\/EMC_1388-768x1149.jpg 768w, https:\/\/hubertruettimann.ch\/blog\/wp-content\/uploads\/2025\/08\/EMC_1388-1027x1536.jpg 1027w, https:\/\/hubertruettimann.ch\/blog\/wp-content\/uploads\/2025\/08\/EMC_1388-1369x2048.jpg 1369w, https:\/\/hubertruettimann.ch\/blog\/wp-content\/uploads\/2025\/08\/EMC_1388-1200x1795.jpg 1200w, https:\/\/hubertruettimann.ch\/blog\/wp-content\/uploads\/2025\/08\/EMC_1388-scaled.jpg 1711w\" sizes=\"auto, (max-width: 709px) 85vw, (max-width: 909px) 67vw, (max-width: 984px) 61vw, (max-width: 1362px) 45vw, 600px\" \/><\/figure>\n\n\n\n<p>Dieser Stein markiert die Grenz. Nun f\u00e4ngt die Tour richtig an.<\/p>\n\n\n\n<figure class=\"wp-block-image size-large\"><img loading=\"lazy\" decoding=\"async\" width=\"1024\" height=\"684\" src=\"https:\/\/hubertruettimann.ch\/blog\/wp-content\/uploads\/2025\/08\/EMC_1389-1024x684.jpg\" alt=\"\" class=\"wp-image-26\" srcset=\"https:\/\/hubertruettimann.ch\/blog\/wp-content\/uploads\/2025\/08\/EMC_1389-1024x684.jpg 1024w, https:\/\/hubertruettimann.ch\/blog\/wp-content\/uploads\/2025\/08\/EMC_1389-300x201.jpg 300w, https:\/\/hubertruettimann.ch\/blog\/wp-content\/uploads\/2025\/08\/EMC_1389-768x513.jpg 768w, https:\/\/hubertruettimann.ch\/blog\/wp-content\/uploads\/2025\/08\/EMC_1389-1536x1027.jpg 1536w, https:\/\/hubertruettimann.ch\/blog\/wp-content\/uploads\/2025\/08\/EMC_1389-2048x1369.jpg 2048w, https:\/\/hubertruettimann.ch\/blog\/wp-content\/uploads\/2025\/08\/EMC_1389-1200x802.jpg 1200w\" sizes=\"auto, (max-width: 709px) 85vw, (max-width: 909px) 67vw, (max-width: 1362px) 62vw, 840px\" \/><\/figure>\n\n\n\n<p>Rechts von meinen Weg weg, geht dieser erste, f\u00fcr mich erkennbar, Kolonnenweg.<\/p>\n\n\n\n<figure class=\"wp-block-image size-large\"><img loading=\"lazy\" decoding=\"async\" width=\"1024\" height=\"684\" src=\"https:\/\/hubertruettimann.ch\/blog\/wp-content\/uploads\/2025\/08\/EMC_1394-1024x684.jpg\" alt=\"\" class=\"wp-image-27\" srcset=\"https:\/\/hubertruettimann.ch\/blog\/wp-content\/uploads\/2025\/08\/EMC_1394-1024x684.jpg 1024w, https:\/\/hubertruettimann.ch\/blog\/wp-content\/uploads\/2025\/08\/EMC_1394-300x201.jpg 300w, https:\/\/hubertruettimann.ch\/blog\/wp-content\/uploads\/2025\/08\/EMC_1394-768x513.jpg 768w, https:\/\/hubertruettimann.ch\/blog\/wp-content\/uploads\/2025\/08\/EMC_1394-1536x1027.jpg 1536w, https:\/\/hubertruettimann.ch\/blog\/wp-content\/uploads\/2025\/08\/EMC_1394-2048x1369.jpg 2048w, https:\/\/hubertruettimann.ch\/blog\/wp-content\/uploads\/2025\/08\/EMC_1394-1200x802.jpg 1200w\" sizes=\"auto, (max-width: 709px) 85vw, (max-width: 909px) 67vw, (max-width: 1362px) 62vw, 840px\" \/><\/figure>\n\n\n\n<p>Einfach gerade aus. Es sind fast keine Menschen unterwegs. Einzelne Velofahrer, das wars. Das Wetter macht nat\u00fcrlich auch nicht sonderlich zum Wandern an.<\/p>\n\n\n\n<figure class=\"wp-block-image size-large\"><img loading=\"lazy\" decoding=\"async\" width=\"1024\" height=\"684\" src=\"https:\/\/hubertruettimann.ch\/blog\/wp-content\/uploads\/2025\/08\/EMC_1398-1024x684.jpg\" alt=\"\" class=\"wp-image-28\" srcset=\"https:\/\/hubertruettimann.ch\/blog\/wp-content\/uploads\/2025\/08\/EMC_1398-1024x684.jpg 1024w, https:\/\/hubertruettimann.ch\/blog\/wp-content\/uploads\/2025\/08\/EMC_1398-300x201.jpg 300w, https:\/\/hubertruettimann.ch\/blog\/wp-content\/uploads\/2025\/08\/EMC_1398-768x513.jpg 768w, https:\/\/hubertruettimann.ch\/blog\/wp-content\/uploads\/2025\/08\/EMC_1398-1536x1027.jpg 1536w, https:\/\/hubertruettimann.ch\/blog\/wp-content\/uploads\/2025\/08\/EMC_1398-2048x1369.jpg 2048w, https:\/\/hubertruettimann.ch\/blog\/wp-content\/uploads\/2025\/08\/EMC_1398-1200x802.jpg 1200w\" sizes=\"auto, (max-width: 709px) 85vw, (max-width: 909px) 67vw, (max-width: 1362px) 62vw, 840px\" \/><\/figure>\n\n\n\n<p>Bei einem Geh\u00f6ft aufgestapelte Betonplatten des Kolonnenweges.<br>Der erste Teil war angenehm flach. einzig das endlose Belagsband war anstrengend. Kies w\u00e4re lieber gewesen. Teilweise war am Wegrand noch eine Reihe Betonplatte Kolonnenweg unter dem Kraut versteckt.<\/p>\n\n\n\n<figure class=\"wp-block-image size-large\"><img loading=\"lazy\" decoding=\"async\" width=\"1024\" height=\"684\" src=\"https:\/\/hubertruettimann.ch\/blog\/wp-content\/uploads\/2025\/08\/EMC_1400-1024x684.jpg\" alt=\"\" class=\"wp-image-30\" srcset=\"https:\/\/hubertruettimann.ch\/blog\/wp-content\/uploads\/2025\/08\/EMC_1400-1024x684.jpg 1024w, https:\/\/hubertruettimann.ch\/blog\/wp-content\/uploads\/2025\/08\/EMC_1400-300x201.jpg 300w, https:\/\/hubertruettimann.ch\/blog\/wp-content\/uploads\/2025\/08\/EMC_1400-768x513.jpg 768w, https:\/\/hubertruettimann.ch\/blog\/wp-content\/uploads\/2025\/08\/EMC_1400-1536x1027.jpg 1536w, https:\/\/hubertruettimann.ch\/blog\/wp-content\/uploads\/2025\/08\/EMC_1400-2048x1369.jpg 2048w, https:\/\/hubertruettimann.ch\/blog\/wp-content\/uploads\/2025\/08\/EMC_1400-1200x802.jpg 1200w\" sizes=\"auto, (max-width: 709px) 85vw, (max-width: 909px) 67vw, (max-width: 1362px) 62vw, 840px\" \/><\/figure>\n\n\n\n<p>Dann kurz nach Lindewerra: An dieser Stelle meinte ich kurz, oh, das geht sch\u00f6n flach weiter, das ist nur ein kurzer Aufstieg. Oh nein. Ganz falsch gedacht. An dieser Stelle beginnt ein sehr sehr steiler, nicht mehr enden wollender Aufstieg. Der Weg wurde damals schlicht der Grenze entlang gezogen. Abgesehen von ein paar kurzen Wendungen gings nahezu der Fallline entgegen. Die Betonplatten war zwar ziemlich rutschfest. Da diese aber frisch nass wurden, war mein Vertrauen in die Griffigkeit eher gering und wich oft auf den Waldboden links und rechts davon aus. Kurz hatte ich das Gef\u00fchl, nun muss ich auf allen Vieren kriechen. Risikoreduktion war mir wichtiger als elegant und schnell in die H\u00f6he zu kommen.<\/p>\n\n\n\n<figure class=\"wp-block-image size-large\"><img loading=\"lazy\" decoding=\"async\" width=\"1024\" height=\"684\" src=\"https:\/\/hubertruettimann.ch\/blog\/wp-content\/uploads\/2025\/08\/EMC_1405-1024x684.jpg\" alt=\"\" class=\"wp-image-31\" srcset=\"https:\/\/hubertruettimann.ch\/blog\/wp-content\/uploads\/2025\/08\/EMC_1405-1024x684.jpg 1024w, https:\/\/hubertruettimann.ch\/blog\/wp-content\/uploads\/2025\/08\/EMC_1405-300x201.jpg 300w, https:\/\/hubertruettimann.ch\/blog\/wp-content\/uploads\/2025\/08\/EMC_1405-768x513.jpg 768w, https:\/\/hubertruettimann.ch\/blog\/wp-content\/uploads\/2025\/08\/EMC_1405-1536x1027.jpg 1536w, https:\/\/hubertruettimann.ch\/blog\/wp-content\/uploads\/2025\/08\/EMC_1405-2048x1369.jpg 2048w, https:\/\/hubertruettimann.ch\/blog\/wp-content\/uploads\/2025\/08\/EMC_1405-1200x802.jpg 1200w\" sizes=\"auto, (max-width: 709px) 85vw, (max-width: 909px) 67vw, (max-width: 1362px) 62vw, 840px\" \/><\/figure>\n\n\n\n<p>Auf dem Lindewerrablick wurde ich mit einer wundersch\u00f6nen Aussicht belohnt.<br>H\u00f6chste Zeit in den Proviant zu greifen.<br>Nun geht es nur noch leicht in die H\u00f6he.<\/p>\n\n\n\n<figure class=\"wp-block-image size-large\"><img loading=\"lazy\" decoding=\"async\" width=\"1024\" height=\"684\" src=\"https:\/\/hubertruettimann.ch\/blog\/wp-content\/uploads\/2025\/08\/EMC_1407-1024x684.jpg\" alt=\"\" class=\"wp-image-32\" srcset=\"https:\/\/hubertruettimann.ch\/blog\/wp-content\/uploads\/2025\/08\/EMC_1407-1024x684.jpg 1024w, https:\/\/hubertruettimann.ch\/blog\/wp-content\/uploads\/2025\/08\/EMC_1407-300x201.jpg 300w, https:\/\/hubertruettimann.ch\/blog\/wp-content\/uploads\/2025\/08\/EMC_1407-768x513.jpg 768w, https:\/\/hubertruettimann.ch\/blog\/wp-content\/uploads\/2025\/08\/EMC_1407-1536x1027.jpg 1536w, https:\/\/hubertruettimann.ch\/blog\/wp-content\/uploads\/2025\/08\/EMC_1407-2048x1369.jpg 2048w, https:\/\/hubertruettimann.ch\/blog\/wp-content\/uploads\/2025\/08\/EMC_1407-1200x802.jpg 1200w\" sizes=\"auto, (max-width: 709px) 85vw, (max-width: 909px) 67vw, (max-width: 1362px) 62vw, 840px\" \/><\/figure>\n\n\n\n<p>An dieser Stell sieht man noch gut den ehemaligen aufgeackerten Bereich, welcher einen Bestandteil der Absperrungen macht. Dazu gibt es im Netz viele Erkl\u00e4rbilder wie das funktioniert hat. Die alte Grenze war noch weiter recht. Der Blick ist von der Wanderrichtung r\u00fcckw\u00e4rts gerichtet. Erstaunlich auch, wie innerhalb der wenigen Dekaden der Streifen fast v\u00f6llig vom Wald wieder beansprucht wurde.<\/p>\n\n\n\n<figure class=\"wp-block-image size-large\"><img loading=\"lazy\" decoding=\"async\" width=\"1024\" height=\"684\" src=\"https:\/\/hubertruettimann.ch\/blog\/wp-content\/uploads\/2025\/08\/EMC_1411-1024x684.jpg\" alt=\"\" class=\"wp-image-35\" srcset=\"https:\/\/hubertruettimann.ch\/blog\/wp-content\/uploads\/2025\/08\/EMC_1411-1024x684.jpg 1024w, https:\/\/hubertruettimann.ch\/blog\/wp-content\/uploads\/2025\/08\/EMC_1411-300x201.jpg 300w, https:\/\/hubertruettimann.ch\/blog\/wp-content\/uploads\/2025\/08\/EMC_1411-768x513.jpg 768w, https:\/\/hubertruettimann.ch\/blog\/wp-content\/uploads\/2025\/08\/EMC_1411-1536x1027.jpg 1536w, https:\/\/hubertruettimann.ch\/blog\/wp-content\/uploads\/2025\/08\/EMC_1411-2048x1369.jpg 2048w, https:\/\/hubertruettimann.ch\/blog\/wp-content\/uploads\/2025\/08\/EMC_1411-1200x802.jpg 1200w\" sizes=\"auto, (max-width: 709px) 85vw, (max-width: 909px) 67vw, (max-width: 1362px) 62vw, 840px\" \/><\/figure>\n\n\n\n<p>Als ich die Burg Hanstein passierte, h\u00f6rte und sah ich, dass da einiges los ist. Sie hatten gerade ihr Burgfest. Zus\u00e4tzliche H\u00f6henmeter machten mir keinen Spass und ich blieb gerne auf der Route.<\/p>\n\n\n\n<p>Sp\u00e4ter mitten im Nirgendwo kreuzte ich zwei Herren, die mit Wanderst\u00f6cken z\u00fcgig entgegen kamen. So v\u00f6llig abgelgen h\u00e4lt man nat\u00fcrlich an und tauscht ein paar Worte. Als ich die Steigung bei Lindewerra ansprach, meinten sie, dass diese Steigung ohne St\u00f6cke doch sehr anspruchsvoll ist. Ja, da hatten sie so etwas von recht.<\/p>\n\n\n\n<figure class=\"wp-block-image size-large\"><img loading=\"lazy\" decoding=\"async\" width=\"1024\" height=\"684\" src=\"https:\/\/hubertruettimann.ch\/blog\/wp-content\/uploads\/2025\/08\/EMC_1418-1024x684.jpg\" alt=\"\" class=\"wp-image-37\" srcset=\"https:\/\/hubertruettimann.ch\/blog\/wp-content\/uploads\/2025\/08\/EMC_1418-1024x684.jpg 1024w, https:\/\/hubertruettimann.ch\/blog\/wp-content\/uploads\/2025\/08\/EMC_1418-300x201.jpg 300w, https:\/\/hubertruettimann.ch\/blog\/wp-content\/uploads\/2025\/08\/EMC_1418-768x513.jpg 768w, https:\/\/hubertruettimann.ch\/blog\/wp-content\/uploads\/2025\/08\/EMC_1418-1536x1027.jpg 1536w, https:\/\/hubertruettimann.ch\/blog\/wp-content\/uploads\/2025\/08\/EMC_1418-2048x1369.jpg 2048w, https:\/\/hubertruettimann.ch\/blog\/wp-content\/uploads\/2025\/08\/EMC_1418-1200x802.jpg 1200w\" sizes=\"auto, (max-width: 709px) 85vw, (max-width: 909px) 67vw, (max-width: 1362px) 62vw, 840px\" \/><\/figure>\n\n\n\n<p>Wie das Gr\u00fcne Band verspricht, es hat so etwas von viel Natur links und recht.<\/p>\n\n\n\n<figure class=\"wp-block-image size-large\"><img loading=\"lazy\" decoding=\"async\" width=\"1024\" height=\"684\" src=\"https:\/\/hubertruettimann.ch\/blog\/wp-content\/uploads\/2025\/08\/EMC_1420-1024x684.jpg\" alt=\"\" class=\"wp-image-38\" srcset=\"https:\/\/hubertruettimann.ch\/blog\/wp-content\/uploads\/2025\/08\/EMC_1420-1024x684.jpg 1024w, https:\/\/hubertruettimann.ch\/blog\/wp-content\/uploads\/2025\/08\/EMC_1420-300x201.jpg 300w, https:\/\/hubertruettimann.ch\/blog\/wp-content\/uploads\/2025\/08\/EMC_1420-768x513.jpg 768w, https:\/\/hubertruettimann.ch\/blog\/wp-content\/uploads\/2025\/08\/EMC_1420-1536x1027.jpg 1536w, https:\/\/hubertruettimann.ch\/blog\/wp-content\/uploads\/2025\/08\/EMC_1420-2048x1369.jpg 2048w, https:\/\/hubertruettimann.ch\/blog\/wp-content\/uploads\/2025\/08\/EMC_1420-1200x802.jpg 1200w\" sizes=\"auto, (max-width: 709px) 85vw, (max-width: 909px) 67vw, (max-width: 1362px) 62vw, 840px\" \/><\/figure>\n\n\n\n<p>Rindvieh war eher selten anzutreffen.<\/p>\n\n\n\n<figure class=\"wp-block-image size-large\"><img loading=\"lazy\" decoding=\"async\" width=\"1024\" height=\"684\" src=\"https:\/\/hubertruettimann.ch\/blog\/wp-content\/uploads\/2025\/08\/EMC_1419-1024x684.jpg\" alt=\"\" class=\"wp-image-39\" srcset=\"https:\/\/hubertruettimann.ch\/blog\/wp-content\/uploads\/2025\/08\/EMC_1419-1024x684.jpg 1024w, https:\/\/hubertruettimann.ch\/blog\/wp-content\/uploads\/2025\/08\/EMC_1419-300x201.jpg 300w, https:\/\/hubertruettimann.ch\/blog\/wp-content\/uploads\/2025\/08\/EMC_1419-768x513.jpg 768w, https:\/\/hubertruettimann.ch\/blog\/wp-content\/uploads\/2025\/08\/EMC_1419-1536x1027.jpg 1536w, https:\/\/hubertruettimann.ch\/blog\/wp-content\/uploads\/2025\/08\/EMC_1419-2048x1369.jpg 2048w, https:\/\/hubertruettimann.ch\/blog\/wp-content\/uploads\/2025\/08\/EMC_1419-1200x802.jpg 1200w\" sizes=\"auto, (max-width: 709px) 85vw, (max-width: 909px) 67vw, (max-width: 1362px) 62vw, 840px\" \/><\/figure>\n\n\n\n<p>Bei vielen Betonplatten, die den Kolonnenweg ausmachen, kann man Zahlen oder so \u00e4hnliche Markierungen feststellen. Was diese wohl bedeuten? Lieferant, Typ der Platte? Vielleicht finde ich das mal heraus.<\/p>\n\n\n\n<figure class=\"wp-block-image size-large\"><img loading=\"lazy\" decoding=\"async\" width=\"1024\" height=\"684\" src=\"https:\/\/hubertruettimann.ch\/blog\/wp-content\/uploads\/2025\/08\/EMC_1423-1024x684.jpg\" alt=\"\" class=\"wp-image-40\" srcset=\"https:\/\/hubertruettimann.ch\/blog\/wp-content\/uploads\/2025\/08\/EMC_1423-1024x684.jpg 1024w, https:\/\/hubertruettimann.ch\/blog\/wp-content\/uploads\/2025\/08\/EMC_1423-300x201.jpg 300w, https:\/\/hubertruettimann.ch\/blog\/wp-content\/uploads\/2025\/08\/EMC_1423-768x513.jpg 768w, https:\/\/hubertruettimann.ch\/blog\/wp-content\/uploads\/2025\/08\/EMC_1423-1536x1027.jpg 1536w, https:\/\/hubertruettimann.ch\/blog\/wp-content\/uploads\/2025\/08\/EMC_1423-2048x1369.jpg 2048w, https:\/\/hubertruettimann.ch\/blog\/wp-content\/uploads\/2025\/08\/EMC_1423-1200x802.jpg 1200w\" sizes=\"auto, (max-width: 709px) 85vw, (max-width: 909px) 67vw, (max-width: 1362px) 62vw, 840px\" \/><\/figure>\n\n\n\n<p>Nun folgt ein nicht kartografierter Weg. Hier auf dem Bild ist der Weg noch ersichtlich, jedoch nicht mit Betonplatten ausgebaut. Eine kurze Strecke ging es durch eine Rinderweide, quer durch den Morast einer Rindertr\u00e4nke, quer durch ein kurzes W\u00e4ldchen, aber immer irgendwie Spuren von Vieh oder Fahrzeug folgend. Folgewanderern rate ich von dieser Strecke ab. Das verhalten von Rindvieh kann nicht jeder lesen.<\/p>\n\n\n\n<figure class=\"wp-block-image size-large\"><img loading=\"lazy\" decoding=\"async\" width=\"1024\" height=\"684\" src=\"https:\/\/hubertruettimann.ch\/blog\/wp-content\/uploads\/2025\/08\/EMC_1425-1024x684.jpg\" alt=\"\" class=\"wp-image-41\" srcset=\"https:\/\/hubertruettimann.ch\/blog\/wp-content\/uploads\/2025\/08\/EMC_1425-1024x684.jpg 1024w, https:\/\/hubertruettimann.ch\/blog\/wp-content\/uploads\/2025\/08\/EMC_1425-300x201.jpg 300w, https:\/\/hubertruettimann.ch\/blog\/wp-content\/uploads\/2025\/08\/EMC_1425-768x513.jpg 768w, https:\/\/hubertruettimann.ch\/blog\/wp-content\/uploads\/2025\/08\/EMC_1425-1536x1027.jpg 1536w, https:\/\/hubertruettimann.ch\/blog\/wp-content\/uploads\/2025\/08\/EMC_1425-2048x1369.jpg 2048w, https:\/\/hubertruettimann.ch\/blog\/wp-content\/uploads\/2025\/08\/EMC_1425-1200x802.jpg 1200w\" sizes=\"auto, (max-width: 709px) 85vw, (max-width: 909px) 67vw, (max-width: 1362px) 62vw, 840px\" \/><\/figure>\n\n\n\n<p>Ganz in der N\u00e4he vom L\u00e4ndereck ein alter Grenzstein.<\/p>\n\n\n\n<p>Kurz vor Hohengandern, schon am Verlassen des Bereichs des gr\u00fcnen Bandes, am Wegesrand zwei B\u00e4nke die mich so freundlich anlachten, und ich einfach sagen musste, nein, jetzt nicht absitzen, sonst komme ich nicht mehr hoch.<\/p>\n\n\n\n<figure class=\"wp-block-image size-large\"><a href=\"https:\/\/hubertruettimann.ch\/blog\/wp-content\/uploads\/2025\/08\/EMC_1427-scaled.jpg\"><img loading=\"lazy\" decoding=\"async\" width=\"1024\" height=\"684\" src=\"https:\/\/hubertruettimann.ch\/blog\/wp-content\/uploads\/2025\/08\/EMC_1427-1024x684.jpg\" alt=\"\" class=\"wp-image-42\" srcset=\"https:\/\/hubertruettimann.ch\/blog\/wp-content\/uploads\/2025\/08\/EMC_1427-1024x684.jpg 1024w, https:\/\/hubertruettimann.ch\/blog\/wp-content\/uploads\/2025\/08\/EMC_1427-300x201.jpg 300w, https:\/\/hubertruettimann.ch\/blog\/wp-content\/uploads\/2025\/08\/EMC_1427-768x513.jpg 768w, https:\/\/hubertruettimann.ch\/blog\/wp-content\/uploads\/2025\/08\/EMC_1427-1536x1027.jpg 1536w, https:\/\/hubertruettimann.ch\/blog\/wp-content\/uploads\/2025\/08\/EMC_1427-2048x1369.jpg 2048w, https:\/\/hubertruettimann.ch\/blog\/wp-content\/uploads\/2025\/08\/EMC_1427-1200x802.jpg 1200w\" sizes=\"auto, (max-width: 709px) 85vw, (max-width: 909px) 67vw, (max-width: 1362px) 62vw, 840px\" \/><\/a><\/figure>\n\n\n\n<p>Das war insofern ein guter Entscheid weiterzugehen, da kaum war ich beim Bahnof angelangt, wurde der periodische Nieselregen zu einem l\u00e4stigen Landregen.<\/p>\n\n\n\n<p>Der Restweg zum Bahnhof Arenshausen ist nicht mehr sonderlich. Die Bahnfahrt zur\u00fcck. Zuerst in einem \u00fcbervollen unterlangem S-Bahn-Zug, bis Eichenberg. Ein Bahnhof der seine grossen Zeiten hinter sich hat. Mehrer Gleise sind stillgelegt und das f\u00fcr die Lage doch sehr stattliche Bahnhofsgeb\u00e4ude macht einen sehr heruntergewirtschafteten Eindruck.<\/p>\n\n\n\n<p>Fazit vom der ersten Etappe gr\u00fcnes Band: Trotz durchzogenem Wetter und supersteilem Aufstieg: Es hat sich gelohnt. Es wird eine zweite Etappe geben.<br>Die Etappenreihenfolge kann dann aber etwas sprunghaft werden. Also nix mit &#8222;sch\u00f6n der Reihe nach&#8220;.<\/p>\n","protected":false},"excerpt":{"rendered":"<p>Bad Sooden-Allendorf bis Hohengandern, 15km Vor einige Zeit bin ich auf den Kolonnenweg aufmerksam geworden. Eine Strecke entlang der ehemaligen Grenze welche die DDR und BRD trennte. Nun ist das ein gr\u00fcnes Band geworden, welches sich durch die Landschaft windet. An vielen Stellen sind die Betonplatten noch vorhanden, welche den Kolonnenweg ausmachten. Link zu Karten\u00fcbersicht &hellip; <a href=\"https:\/\/hubertruettimann.ch\/blog\/?p=14\" class=\"more-link\"><span class=\"screen-reader-text\">\u201eGr\u00fcnes Band, Etappe 1\u201c <\/span>weiterlesen<\/a><\/p>\n","protected":false},"author":1,"featured_media":0,"comment_status":"closed","ping_status":"","sticky":false,"template":"","format":"standard","meta":{"_jetpack_memberships_contains_paid_content":false,"footnotes":""},"categories":[3],"tags":[],"class_list":["post-14","post","type-post","status-publish","format-standard","hentry","category-gruenes-band"],"jetpack_featured_media_url":"","jetpack_sharing_enabled":true,"_links":{"self":[{"href":"https:\/\/hubertruettimann.ch\/blog\/index.php?rest_route=\/wp\/v2\/posts\/14","targetHints":{"allow":["GET"]}}],"collection":[{"href":"https:\/\/hubertruettimann.ch\/blog\/index.php?rest_route=\/wp\/v2\/posts"}],"about":[{"href":"https:\/\/hubertruettimann.ch\/blog\/index.php?rest_route=\/wp\/v2\/types\/post"}],"author":[{"embeddable":true,"href":"https:\/\/hubertruettimann.ch\/blog\/index.php?rest_route=\/wp\/v2\/users\/1"}],"replies":[{"embeddable":true,"href":"https:\/\/hubertruettimann.ch\/blog\/index.php?rest_route=%2Fwp%2Fv2%2Fcomments&post=14"}],"version-history":[{"count":16,"href":"https:\/\/hubertruettimann.ch\/blog\/index.php?rest_route=\/wp\/v2\/posts\/14\/revisions"}],"predecessor-version":[{"id":94,"href":"https:\/\/hubertruettimann.ch\/blog\/index.php?rest_route=\/wp\/v2\/posts\/14\/revisions\/94"}],"wp:attachment":[{"href":"https:\/\/hubertruettimann.ch\/blog\/index.php?rest_route=%2Fwp%2Fv2%2Fmedia&parent=14"}],"wp:term":[{"taxonomy":"category","embeddable":true,"href":"https:\/\/hubertruettimann.ch\/blog\/index.php?rest_route=%2Fwp%2Fv2%2Fcategories&post=14"},{"taxonomy":"post_tag","embeddable":true,"href":"https:\/\/hubertruettimann.ch\/blog\/index.php?rest_route=%2Fwp%2Fv2%2Ftags&post=14"}],"curies":[{"name":"wp","href":"https:\/\/api.w.org\/{rel}","templated":true}]}}