{"id":51,"date":"2025-08-08T13:08:48","date_gmt":"2025-08-08T13:08:48","guid":{"rendered":"https:\/\/hubertruettimann.ch\/blog\/?p=51"},"modified":"2025-08-28T06:08:15","modified_gmt":"2025-08-28T06:08:15","slug":"gruenes-band-etape-2","status":"publish","type":"post","link":"https:\/\/hubertruettimann.ch\/blog\/?p=51","title":{"rendered":"Gr\u00fcnes Band, Etappe 2"},"content":{"rendered":"\n<p><strong>Zorge bis Hohegeiss, 14.1 km<\/strong><\/p>\n\n\n\n<p>Von der ersten zur zweiten Etappe einen Sprung durch die Landschaft gemacht. Basislager ist Braunlage mitten im Harzgebierge. Mit dem Bus kam ich in die N\u00e4he des gr\u00fcnen Bandes.<\/p>\n\n\n\n<p><a href=\"https:\/\/umap.osm.ch\/de\/map\/grunes-band_10795#13\/51.6402\/10.6421\">Link zu Karten\u00fcbersicht<\/a><\/p>\n\n\n\n<p>Wetter ist verhalten gut. Trockene Prognose, wenig Sonnenschein, viele Wolken. Im Grunde genommen perfektes Wanderwetter<\/p>\n\n\n\n<figure class=\"wp-block-image size-large\"><img loading=\"lazy\" decoding=\"async\" width=\"1024\" height=\"684\" src=\"https:\/\/hubertruettimann.ch\/blog\/wp-content\/uploads\/2025\/08\/GRU_1477-1024x684.jpg\" alt=\"\" class=\"wp-image-56\" srcset=\"https:\/\/hubertruettimann.ch\/blog\/wp-content\/uploads\/2025\/08\/GRU_1477-1024x684.jpg 1024w, https:\/\/hubertruettimann.ch\/blog\/wp-content\/uploads\/2025\/08\/GRU_1477-300x201.jpg 300w, https:\/\/hubertruettimann.ch\/blog\/wp-content\/uploads\/2025\/08\/GRU_1477-768x513.jpg 768w, https:\/\/hubertruettimann.ch\/blog\/wp-content\/uploads\/2025\/08\/GRU_1477-1536x1027.jpg 1536w, https:\/\/hubertruettimann.ch\/blog\/wp-content\/uploads\/2025\/08\/GRU_1477-2048x1369.jpg 2048w, https:\/\/hubertruettimann.ch\/blog\/wp-content\/uploads\/2025\/08\/GRU_1477-1200x802.jpg 1200w\" sizes=\"auto, (max-width: 709px) 85vw, (max-width: 909px) 67vw, (max-width: 1362px) 62vw, 840px\" \/><\/figure>\n\n\n\n<p>Bushaltestelle nahe des Nirgendwos. <\/p>\n\n\n\n<figure class=\"wp-block-image size-large\"><img loading=\"lazy\" decoding=\"async\" width=\"1024\" height=\"684\" src=\"https:\/\/hubertruettimann.ch\/blog\/wp-content\/uploads\/2025\/08\/GRU_1478-1024x684.jpg\" alt=\"\" class=\"wp-image-57\" srcset=\"https:\/\/hubertruettimann.ch\/blog\/wp-content\/uploads\/2025\/08\/GRU_1478-1024x684.jpg 1024w, https:\/\/hubertruettimann.ch\/blog\/wp-content\/uploads\/2025\/08\/GRU_1478-300x201.jpg 300w, https:\/\/hubertruettimann.ch\/blog\/wp-content\/uploads\/2025\/08\/GRU_1478-768x513.jpg 768w, https:\/\/hubertruettimann.ch\/blog\/wp-content\/uploads\/2025\/08\/GRU_1478-1536x1027.jpg 1536w, https:\/\/hubertruettimann.ch\/blog\/wp-content\/uploads\/2025\/08\/GRU_1478-2048x1369.jpg 2048w, https:\/\/hubertruettimann.ch\/blog\/wp-content\/uploads\/2025\/08\/GRU_1478-1200x802.jpg 1200w\" sizes=\"auto, (max-width: 709px) 85vw, (max-width: 909px) 67vw, (max-width: 1362px) 62vw, 840px\" \/><\/figure>\n\n\n\n<p>Die heutige Betonmauer steht ungef\u00e4hr an der Linie wo die Grenze verlief. Vermutlich ist das Geb\u00e4ude nach der Wende erstellt worden.<\/p>\n\n\n\n<figure class=\"wp-block-image size-large\"><img loading=\"lazy\" decoding=\"async\" width=\"1024\" height=\"684\" src=\"https:\/\/hubertruettimann.ch\/blog\/wp-content\/uploads\/2025\/08\/GRU_1481-1024x684.jpg\" alt=\"\" class=\"wp-image-58\" srcset=\"https:\/\/hubertruettimann.ch\/blog\/wp-content\/uploads\/2025\/08\/GRU_1481-1024x684.jpg 1024w, https:\/\/hubertruettimann.ch\/blog\/wp-content\/uploads\/2025\/08\/GRU_1481-300x201.jpg 300w, https:\/\/hubertruettimann.ch\/blog\/wp-content\/uploads\/2025\/08\/GRU_1481-768x513.jpg 768w, https:\/\/hubertruettimann.ch\/blog\/wp-content\/uploads\/2025\/08\/GRU_1481-1536x1027.jpg 1536w, https:\/\/hubertruettimann.ch\/blog\/wp-content\/uploads\/2025\/08\/GRU_1481-2048x1369.jpg 2048w, https:\/\/hubertruettimann.ch\/blog\/wp-content\/uploads\/2025\/08\/GRU_1481-1200x802.jpg 1200w\" sizes=\"auto, (max-width: 709px) 85vw, (max-width: 909px) 67vw, (max-width: 1362px) 62vw, 840px\" \/><\/figure>\n\n\n\n<p>Hier beginnt die Etappe 2. Scheint flach zu sein. Aber ich weiss, es kommt noch anders.<\/p>\n\n\n\n<figure class=\"wp-block-image size-large\"><img loading=\"lazy\" decoding=\"async\" width=\"1024\" height=\"684\" src=\"https:\/\/hubertruettimann.ch\/blog\/wp-content\/uploads\/2025\/08\/GRU_1482-1024x684.jpg\" alt=\"\" class=\"wp-image-60\" srcset=\"https:\/\/hubertruettimann.ch\/blog\/wp-content\/uploads\/2025\/08\/GRU_1482-1024x684.jpg 1024w, https:\/\/hubertruettimann.ch\/blog\/wp-content\/uploads\/2025\/08\/GRU_1482-300x201.jpg 300w, https:\/\/hubertruettimann.ch\/blog\/wp-content\/uploads\/2025\/08\/GRU_1482-768x513.jpg 768w, https:\/\/hubertruettimann.ch\/blog\/wp-content\/uploads\/2025\/08\/GRU_1482-1536x1027.jpg 1536w, https:\/\/hubertruettimann.ch\/blog\/wp-content\/uploads\/2025\/08\/GRU_1482-2048x1369.jpg 2048w, https:\/\/hubertruettimann.ch\/blog\/wp-content\/uploads\/2025\/08\/GRU_1482-1200x802.jpg 1200w\" sizes=\"auto, (max-width: 709px) 85vw, (max-width: 909px) 67vw, (max-width: 1362px) 62vw, 840px\" \/><\/figure>\n\n\n\n<p>Hinweis, dass die Natur da das Vorrecht hat.<\/p>\n\n\n\n<figure class=\"wp-block-image size-large\"><img loading=\"lazy\" decoding=\"async\" width=\"1024\" height=\"684\" src=\"https:\/\/hubertruettimann.ch\/blog\/wp-content\/uploads\/2025\/08\/GRU_1483-1024x684.jpg\" alt=\"\" class=\"wp-image-61\" srcset=\"https:\/\/hubertruettimann.ch\/blog\/wp-content\/uploads\/2025\/08\/GRU_1483-1024x684.jpg 1024w, https:\/\/hubertruettimann.ch\/blog\/wp-content\/uploads\/2025\/08\/GRU_1483-300x201.jpg 300w, https:\/\/hubertruettimann.ch\/blog\/wp-content\/uploads\/2025\/08\/GRU_1483-768x513.jpg 768w, https:\/\/hubertruettimann.ch\/blog\/wp-content\/uploads\/2025\/08\/GRU_1483-1536x1027.jpg 1536w, https:\/\/hubertruettimann.ch\/blog\/wp-content\/uploads\/2025\/08\/GRU_1483-2048x1369.jpg 2048w, https:\/\/hubertruettimann.ch\/blog\/wp-content\/uploads\/2025\/08\/GRU_1483-1200x802.jpg 1200w\" sizes=\"auto, (max-width: 709px) 85vw, (max-width: 909px) 67vw, (max-width: 1362px) 62vw, 840px\" \/><\/figure>\n\n\n\n<p>Wildfr\u00fcchte hat es auch hier am Weg entlang. Die Schlehe. Leider doch noch so ca. zwei bis drei Wochen zu fr\u00fch.<\/p>\n\n\n\n<figure class=\"wp-block-image size-large\"><img loading=\"lazy\" decoding=\"async\" width=\"1024\" height=\"684\" src=\"https:\/\/hubertruettimann.ch\/blog\/wp-content\/uploads\/2025\/08\/GRU_1486-1024x684.jpg\" alt=\"\" class=\"wp-image-62\" srcset=\"https:\/\/hubertruettimann.ch\/blog\/wp-content\/uploads\/2025\/08\/GRU_1486-1024x684.jpg 1024w, https:\/\/hubertruettimann.ch\/blog\/wp-content\/uploads\/2025\/08\/GRU_1486-300x201.jpg 300w, https:\/\/hubertruettimann.ch\/blog\/wp-content\/uploads\/2025\/08\/GRU_1486-768x513.jpg 768w, https:\/\/hubertruettimann.ch\/blog\/wp-content\/uploads\/2025\/08\/GRU_1486-1536x1027.jpg 1536w, https:\/\/hubertruettimann.ch\/blog\/wp-content\/uploads\/2025\/08\/GRU_1486-2048x1369.jpg 2048w, https:\/\/hubertruettimann.ch\/blog\/wp-content\/uploads\/2025\/08\/GRU_1486-1200x802.jpg 1200w\" sizes=\"auto, (max-width: 709px) 85vw, (max-width: 909px) 67vw, (max-width: 1362px) 62vw, 840px\" \/><\/figure>\n\n\n\n<p>So geht es nun Meter um Meter. Mal ist das Buschwerk nahe und bedr\u00e4ngt einem fast. Mal ist es hohes Baumwerk, welches nur die Sch\u00fctzenden Kronen \u00fcber einem ausbreitet.<\/p>\n\n\n\n<figure class=\"wp-block-image size-large\"><img loading=\"lazy\" decoding=\"async\" width=\"1024\" height=\"684\" src=\"https:\/\/hubertruettimann.ch\/blog\/wp-content\/uploads\/2025\/08\/GRU_1490-1024x684.jpg\" alt=\"\" class=\"wp-image-63\" srcset=\"https:\/\/hubertruettimann.ch\/blog\/wp-content\/uploads\/2025\/08\/GRU_1490-1024x684.jpg 1024w, https:\/\/hubertruettimann.ch\/blog\/wp-content\/uploads\/2025\/08\/GRU_1490-300x201.jpg 300w, https:\/\/hubertruettimann.ch\/blog\/wp-content\/uploads\/2025\/08\/GRU_1490-768x513.jpg 768w, https:\/\/hubertruettimann.ch\/blog\/wp-content\/uploads\/2025\/08\/GRU_1490-1536x1027.jpg 1536w, https:\/\/hubertruettimann.ch\/blog\/wp-content\/uploads\/2025\/08\/GRU_1490-2048x1369.jpg 2048w, https:\/\/hubertruettimann.ch\/blog\/wp-content\/uploads\/2025\/08\/GRU_1490-1200x802.jpg 1200w\" sizes=\"auto, (max-width: 709px) 85vw, (max-width: 909px) 67vw, (max-width: 1362px) 62vw, 840px\" \/><\/figure>\n\n\n\n<p>Entlang dieses Abschnittes gibt es den alten Kolonnenweg und den neuen Grenzweg. Ich halte mich am Kolonnenweg mit den Betonplatten. <\/p>\n\n\n\n<figure class=\"wp-block-image size-large\"><img loading=\"lazy\" decoding=\"async\" width=\"1024\" height=\"684\" src=\"https:\/\/hubertruettimann.ch\/blog\/wp-content\/uploads\/2025\/08\/GRU_1492-1024x684.jpg\" alt=\"\" class=\"wp-image-65\" srcset=\"https:\/\/hubertruettimann.ch\/blog\/wp-content\/uploads\/2025\/08\/GRU_1492-1024x684.jpg 1024w, https:\/\/hubertruettimann.ch\/blog\/wp-content\/uploads\/2025\/08\/GRU_1492-300x201.jpg 300w, https:\/\/hubertruettimann.ch\/blog\/wp-content\/uploads\/2025\/08\/GRU_1492-768x513.jpg 768w, https:\/\/hubertruettimann.ch\/blog\/wp-content\/uploads\/2025\/08\/GRU_1492-1536x1027.jpg 1536w, https:\/\/hubertruettimann.ch\/blog\/wp-content\/uploads\/2025\/08\/GRU_1492-2048x1369.jpg 2048w, https:\/\/hubertruettimann.ch\/blog\/wp-content\/uploads\/2025\/08\/GRU_1492-1200x802.jpg 1200w\" sizes=\"auto, (max-width: 709px) 85vw, (max-width: 909px) 67vw, (max-width: 1362px) 62vw, 840px\" \/><\/figure>\n\n\n\n<p>Es wurde mit einem Schild auf marode B\u00e4ume hingewiesen. Also nicht bei starkem Wind durch die Gegend wandern. Beweis, dass B\u00e4ume fallen k\u00f6nnen<\/p>\n\n\n\n<figure class=\"wp-block-image size-large\"><img loading=\"lazy\" decoding=\"async\" width=\"1024\" height=\"684\" src=\"https:\/\/hubertruettimann.ch\/blog\/wp-content\/uploads\/2025\/08\/GRU_1493-1024x684.jpg\" alt=\"\" class=\"wp-image-67\" srcset=\"https:\/\/hubertruettimann.ch\/blog\/wp-content\/uploads\/2025\/08\/GRU_1493-1024x684.jpg 1024w, https:\/\/hubertruettimann.ch\/blog\/wp-content\/uploads\/2025\/08\/GRU_1493-300x201.jpg 300w, https:\/\/hubertruettimann.ch\/blog\/wp-content\/uploads\/2025\/08\/GRU_1493-768x513.jpg 768w, https:\/\/hubertruettimann.ch\/blog\/wp-content\/uploads\/2025\/08\/GRU_1493-1536x1027.jpg 1536w, https:\/\/hubertruettimann.ch\/blog\/wp-content\/uploads\/2025\/08\/GRU_1493-2048x1369.jpg 2048w, https:\/\/hubertruettimann.ch\/blog\/wp-content\/uploads\/2025\/08\/GRU_1493-1200x802.jpg 1200w\" sizes=\"auto, (max-width: 709px) 85vw, (max-width: 909px) 67vw, (max-width: 1362px) 62vw, 840px\" \/><\/figure>\n\n\n\n<p>Hier ein Stimmungsbild. Die Sonne scheint durch den Buchenwald.<\/p>\n\n\n\n<figure class=\"wp-block-image size-large\"><img loading=\"lazy\" decoding=\"async\" width=\"1024\" height=\"684\" src=\"https:\/\/hubertruettimann.ch\/blog\/wp-content\/uploads\/2025\/08\/GRU_1499-1024x684.jpg\" alt=\"\" class=\"wp-image-68\" srcset=\"https:\/\/hubertruettimann.ch\/blog\/wp-content\/uploads\/2025\/08\/GRU_1499-1024x684.jpg 1024w, https:\/\/hubertruettimann.ch\/blog\/wp-content\/uploads\/2025\/08\/GRU_1499-300x201.jpg 300w, https:\/\/hubertruettimann.ch\/blog\/wp-content\/uploads\/2025\/08\/GRU_1499-768x513.jpg 768w, https:\/\/hubertruettimann.ch\/blog\/wp-content\/uploads\/2025\/08\/GRU_1499-1536x1027.jpg 1536w, https:\/\/hubertruettimann.ch\/blog\/wp-content\/uploads\/2025\/08\/GRU_1499-2048x1369.jpg 2048w, https:\/\/hubertruettimann.ch\/blog\/wp-content\/uploads\/2025\/08\/GRU_1499-1200x802.jpg 1200w\" sizes=\"auto, (max-width: 709px) 85vw, (max-width: 909px) 67vw, (max-width: 1362px) 62vw, 840px\" \/><\/figure>\n\n\n\n<p>An dieser Stelle verleitet die Karte mich, gerade aus zu gehen. Also direkt durch das Buschwerk. Eingehende Sondagen haben f\u00fcr mich ergeben, dass da zwar noch etwas wie ein Weg erkennbar ist, aber keine Spur von Betonplatten. Also nehme ich den etwas weiteren, aber weniger Steile Weg.<\/p>\n\n\n\n<figure class=\"wp-block-image size-large\"><img loading=\"lazy\" decoding=\"async\" width=\"1024\" height=\"684\" src=\"https:\/\/hubertruettimann.ch\/blog\/wp-content\/uploads\/2025\/08\/GRU_1501-1024x684.jpg\" alt=\"\" class=\"wp-image-70\" srcset=\"https:\/\/hubertruettimann.ch\/blog\/wp-content\/uploads\/2025\/08\/GRU_1501-1024x684.jpg 1024w, https:\/\/hubertruettimann.ch\/blog\/wp-content\/uploads\/2025\/08\/GRU_1501-300x201.jpg 300w, https:\/\/hubertruettimann.ch\/blog\/wp-content\/uploads\/2025\/08\/GRU_1501-768x513.jpg 768w, https:\/\/hubertruettimann.ch\/blog\/wp-content\/uploads\/2025\/08\/GRU_1501-1536x1027.jpg 1536w, https:\/\/hubertruettimann.ch\/blog\/wp-content\/uploads\/2025\/08\/GRU_1501-2048x1369.jpg 2048w, https:\/\/hubertruettimann.ch\/blog\/wp-content\/uploads\/2025\/08\/GRU_1501-1200x802.jpg 1200w\" sizes=\"auto, (max-width: 709px) 85vw, (max-width: 909px) 67vw, (max-width: 1362px) 62vw, 840px\" \/><\/figure>\n\n\n\n<p>Was bei uns fast an jeder Ecke anzutreffen ist, hier eine willkommene Seltenheit. Ein Sitzbank. Klar gibt es hier eine gut f\u00fcnfmin\u00fctige Rast.<\/p>\n\n\n\n<figure class=\"wp-block-image size-large\"><img loading=\"lazy\" decoding=\"async\" width=\"1024\" height=\"684\" src=\"https:\/\/hubertruettimann.ch\/blog\/wp-content\/uploads\/2025\/08\/GRU_1502-1024x684.jpg\" alt=\"\" class=\"wp-image-72\" srcset=\"https:\/\/hubertruettimann.ch\/blog\/wp-content\/uploads\/2025\/08\/GRU_1502-1024x684.jpg 1024w, https:\/\/hubertruettimann.ch\/blog\/wp-content\/uploads\/2025\/08\/GRU_1502-300x201.jpg 300w, https:\/\/hubertruettimann.ch\/blog\/wp-content\/uploads\/2025\/08\/GRU_1502-768x513.jpg 768w, https:\/\/hubertruettimann.ch\/blog\/wp-content\/uploads\/2025\/08\/GRU_1502-1536x1027.jpg 1536w, https:\/\/hubertruettimann.ch\/blog\/wp-content\/uploads\/2025\/08\/GRU_1502-2048x1369.jpg 2048w, https:\/\/hubertruettimann.ch\/blog\/wp-content\/uploads\/2025\/08\/GRU_1502-1200x802.jpg 1200w\" sizes=\"auto, (max-width: 709px) 85vw, (max-width: 909px) 67vw, (max-width: 1362px) 62vw, 840px\" \/><\/figure>\n\n\n\n<p>Und auch gleich von Dort die Fernsicht geniessen.<\/p>\n\n\n\n<figure class=\"wp-block-image size-large\"><img loading=\"lazy\" decoding=\"async\" width=\"1024\" height=\"684\" src=\"https:\/\/hubertruettimann.ch\/blog\/wp-content\/uploads\/2025\/08\/GRU_1504-1-1024x684.jpg\" alt=\"\" class=\"wp-image-77\" srcset=\"https:\/\/hubertruettimann.ch\/blog\/wp-content\/uploads\/2025\/08\/GRU_1504-1-1024x684.jpg 1024w, https:\/\/hubertruettimann.ch\/blog\/wp-content\/uploads\/2025\/08\/GRU_1504-1-300x201.jpg 300w, https:\/\/hubertruettimann.ch\/blog\/wp-content\/uploads\/2025\/08\/GRU_1504-1-768x513.jpg 768w, https:\/\/hubertruettimann.ch\/blog\/wp-content\/uploads\/2025\/08\/GRU_1504-1-1536x1027.jpg 1536w, https:\/\/hubertruettimann.ch\/blog\/wp-content\/uploads\/2025\/08\/GRU_1504-1-2048x1369.jpg 2048w, https:\/\/hubertruettimann.ch\/blog\/wp-content\/uploads\/2025\/08\/GRU_1504-1-1200x802.jpg 1200w\" sizes=\"auto, (max-width: 709px) 85vw, (max-width: 909px) 67vw, (max-width: 1362px) 62vw, 840px\" \/><\/figure>\n\n\n\n<p>An vielen Stellen sind die Betonplatten v\u00f6llig \u00fcberwuchert. Und stellenweise sind entlang der Platten W\u00fchlspuren zu erkennen.<\/p>\n\n\n\n<figure class=\"wp-block-image size-large\"><img loading=\"lazy\" decoding=\"async\" width=\"1024\" height=\"684\" src=\"https:\/\/hubertruettimann.ch\/blog\/wp-content\/uploads\/2025\/08\/GRU_1505-1-1024x684.jpg\" alt=\"\" class=\"wp-image-78\" srcset=\"https:\/\/hubertruettimann.ch\/blog\/wp-content\/uploads\/2025\/08\/GRU_1505-1-1024x684.jpg 1024w, https:\/\/hubertruettimann.ch\/blog\/wp-content\/uploads\/2025\/08\/GRU_1505-1-300x201.jpg 300w, https:\/\/hubertruettimann.ch\/blog\/wp-content\/uploads\/2025\/08\/GRU_1505-1-768x513.jpg 768w, https:\/\/hubertruettimann.ch\/blog\/wp-content\/uploads\/2025\/08\/GRU_1505-1-1536x1027.jpg 1536w, https:\/\/hubertruettimann.ch\/blog\/wp-content\/uploads\/2025\/08\/GRU_1505-1-2048x1369.jpg 2048w, https:\/\/hubertruettimann.ch\/blog\/wp-content\/uploads\/2025\/08\/GRU_1505-1-1200x802.jpg 1200w\" sizes=\"auto, (max-width: 709px) 85vw, (max-width: 909px) 67vw, (max-width: 1362px) 62vw, 840px\" \/><\/figure>\n\n\n\n<p>Meine Vermutung Aufgrund der Spuren: Wildschweine welche an der Trennfl\u00e4che zwischen Humus und Betonplatte Leckereinen suchten. Und vermutlich auch gefunden haben. Solche Spuren waren zu h\u00e4ufig als um einen Versuch eingestuft werden zu k\u00f6nnen.<\/p>\n\n\n\n<figure class=\"wp-block-image size-large\"><img loading=\"lazy\" decoding=\"async\" width=\"1024\" height=\"684\" src=\"https:\/\/hubertruettimann.ch\/blog\/wp-content\/uploads\/2025\/08\/GRU_1506-1024x684.jpg\" alt=\"\" class=\"wp-image-79\" srcset=\"https:\/\/hubertruettimann.ch\/blog\/wp-content\/uploads\/2025\/08\/GRU_1506-1024x684.jpg 1024w, https:\/\/hubertruettimann.ch\/blog\/wp-content\/uploads\/2025\/08\/GRU_1506-300x201.jpg 300w, https:\/\/hubertruettimann.ch\/blog\/wp-content\/uploads\/2025\/08\/GRU_1506-768x513.jpg 768w, https:\/\/hubertruettimann.ch\/blog\/wp-content\/uploads\/2025\/08\/GRU_1506-1536x1027.jpg 1536w, https:\/\/hubertruettimann.ch\/blog\/wp-content\/uploads\/2025\/08\/GRU_1506-2048x1369.jpg 2048w, https:\/\/hubertruettimann.ch\/blog\/wp-content\/uploads\/2025\/08\/GRU_1506-1200x802.jpg 1200w\" sizes=\"auto, (max-width: 709px) 85vw, (max-width: 909px) 67vw, (max-width: 1362px) 62vw, 840px\" \/><\/figure>\n\n\n\n<p>Es es immer sch\u00f6n, wenn der Weg sich so abzeichnet, dass die Steigung zu Ende geht und das Flachere Teil, oder ein Abstieg kommt. Die Wahl des Kolonnenweg an der Stelle des Grenzweges hat zu einigen zus\u00e4tzlichen H\u00f6henmetern gef\u00fchrt.<\/p>\n\n\n\n<figure class=\"wp-block-image size-large\"><img loading=\"lazy\" decoding=\"async\" width=\"1024\" height=\"684\" src=\"https:\/\/hubertruettimann.ch\/blog\/wp-content\/uploads\/2025\/08\/GRU_1517-1024x684.jpg\" alt=\"\" class=\"wp-image-82\" srcset=\"https:\/\/hubertruettimann.ch\/blog\/wp-content\/uploads\/2025\/08\/GRU_1517-1024x684.jpg 1024w, https:\/\/hubertruettimann.ch\/blog\/wp-content\/uploads\/2025\/08\/GRU_1517-300x201.jpg 300w, https:\/\/hubertruettimann.ch\/blog\/wp-content\/uploads\/2025\/08\/GRU_1517-768x513.jpg 768w, https:\/\/hubertruettimann.ch\/blog\/wp-content\/uploads\/2025\/08\/GRU_1517-1536x1027.jpg 1536w, https:\/\/hubertruettimann.ch\/blog\/wp-content\/uploads\/2025\/08\/GRU_1517-2048x1369.jpg 2048w, https:\/\/hubertruettimann.ch\/blog\/wp-content\/uploads\/2025\/08\/GRU_1517-1200x802.jpg 1200w\" sizes=\"auto, (max-width: 709px) 85vw, (max-width: 909px) 67vw, (max-width: 1362px) 62vw, 840px\" \/><\/figure>\n\n\n\n<p>Aussicht auf dem Grossen Ehrenberg. <\/p>\n\n\n\n<figure class=\"wp-block-image size-large\"><img loading=\"lazy\" decoding=\"async\" width=\"684\" height=\"1024\" src=\"https:\/\/hubertruettimann.ch\/blog\/wp-content\/uploads\/2025\/08\/GRU_1520-684x1024.jpg\" alt=\"\" class=\"wp-image-83\" srcset=\"https:\/\/hubertruettimann.ch\/blog\/wp-content\/uploads\/2025\/08\/GRU_1520-684x1024.jpg 684w, https:\/\/hubertruettimann.ch\/blog\/wp-content\/uploads\/2025\/08\/GRU_1520-201x300.jpg 201w, https:\/\/hubertruettimann.ch\/blog\/wp-content\/uploads\/2025\/08\/GRU_1520-768x1149.jpg 768w, https:\/\/hubertruettimann.ch\/blog\/wp-content\/uploads\/2025\/08\/GRU_1520-1027x1536.jpg 1027w, https:\/\/hubertruettimann.ch\/blog\/wp-content\/uploads\/2025\/08\/GRU_1520-1369x2048.jpg 1369w, https:\/\/hubertruettimann.ch\/blog\/wp-content\/uploads\/2025\/08\/GRU_1520-1200x1795.jpg 1200w, https:\/\/hubertruettimann.ch\/blog\/wp-content\/uploads\/2025\/08\/GRU_1520-scaled.jpg 1711w\" sizes=\"auto, (max-width: 709px) 85vw, (max-width: 909px) 67vw, (max-width: 984px) 61vw, (max-width: 1362px) 45vw, 600px\" \/><\/figure>\n\n\n\n<p>Am L\u00e4ndereck Th\u00fcringen, Hessen und Sachsen-Anhalten. Hier endlich wieder einmal einen Menschen getroffen. Und nat\u00fcrlich haben wir \u00fcber das Gr\u00fcne Band gesprochen.<\/p>\n\n\n\n<figure class=\"wp-block-image size-large\"><img loading=\"lazy\" decoding=\"async\" width=\"1024\" height=\"684\" src=\"https:\/\/hubertruettimann.ch\/blog\/wp-content\/uploads\/2025\/08\/GRU_1521-1024x684.jpg\" alt=\"\" class=\"wp-image-84\" srcset=\"https:\/\/hubertruettimann.ch\/blog\/wp-content\/uploads\/2025\/08\/GRU_1521-1024x684.jpg 1024w, https:\/\/hubertruettimann.ch\/blog\/wp-content\/uploads\/2025\/08\/GRU_1521-300x201.jpg 300w, https:\/\/hubertruettimann.ch\/blog\/wp-content\/uploads\/2025\/08\/GRU_1521-768x513.jpg 768w, https:\/\/hubertruettimann.ch\/blog\/wp-content\/uploads\/2025\/08\/GRU_1521-1536x1027.jpg 1536w, https:\/\/hubertruettimann.ch\/blog\/wp-content\/uploads\/2025\/08\/GRU_1521-2048x1369.jpg 2048w, https:\/\/hubertruettimann.ch\/blog\/wp-content\/uploads\/2025\/08\/GRU_1521-1200x802.jpg 1200w\" sizes=\"auto, (max-width: 709px) 85vw, (max-width: 909px) 67vw, (max-width: 1362px) 62vw, 840px\" \/><\/figure>\n\n\n\n<p>Hier kann ich endlich mal richtig die Beine ausschreiten lassen. Guter Untergrund, nahezu flach. Da muss ich schauen, dass die Umgebung nicht zu kurz kommt&#8230;<\/p>\n\n\n\n<figure class=\"wp-block-image size-large\"><img loading=\"lazy\" decoding=\"async\" width=\"1024\" height=\"684\" src=\"https:\/\/hubertruettimann.ch\/blog\/wp-content\/uploads\/2025\/08\/GRU_1524-1024x684.jpg\" alt=\"\" class=\"wp-image-85\" srcset=\"https:\/\/hubertruettimann.ch\/blog\/wp-content\/uploads\/2025\/08\/GRU_1524-1024x684.jpg 1024w, https:\/\/hubertruettimann.ch\/blog\/wp-content\/uploads\/2025\/08\/GRU_1524-300x201.jpg 300w, https:\/\/hubertruettimann.ch\/blog\/wp-content\/uploads\/2025\/08\/GRU_1524-768x513.jpg 768w, https:\/\/hubertruettimann.ch\/blog\/wp-content\/uploads\/2025\/08\/GRU_1524-1536x1027.jpg 1536w, https:\/\/hubertruettimann.ch\/blog\/wp-content\/uploads\/2025\/08\/GRU_1524-2048x1369.jpg 2048w, https:\/\/hubertruettimann.ch\/blog\/wp-content\/uploads\/2025\/08\/GRU_1524-1200x802.jpg 1200w\" sizes=\"auto, (max-width: 709px) 85vw, (max-width: 909px) 67vw, (max-width: 1362px) 62vw, 840px\" \/><\/figure>\n\n\n\n<p>&#8230;denn diese hier ist harztypisch mit toten Fichten best\u00fcckt.<\/p>\n\n\n\n<figure class=\"wp-block-image size-large\"><img loading=\"lazy\" decoding=\"async\" width=\"1024\" height=\"684\" src=\"https:\/\/hubertruettimann.ch\/blog\/wp-content\/uploads\/2025\/08\/GRU_1532-1024x684.jpg\" alt=\"\" class=\"wp-image-87\" srcset=\"https:\/\/hubertruettimann.ch\/blog\/wp-content\/uploads\/2025\/08\/GRU_1532-1024x684.jpg 1024w, https:\/\/hubertruettimann.ch\/blog\/wp-content\/uploads\/2025\/08\/GRU_1532-300x201.jpg 300w, https:\/\/hubertruettimann.ch\/blog\/wp-content\/uploads\/2025\/08\/GRU_1532-768x513.jpg 768w, https:\/\/hubertruettimann.ch\/blog\/wp-content\/uploads\/2025\/08\/GRU_1532-1536x1027.jpg 1536w, https:\/\/hubertruettimann.ch\/blog\/wp-content\/uploads\/2025\/08\/GRU_1532-2048x1369.jpg 2048w, https:\/\/hubertruettimann.ch\/blog\/wp-content\/uploads\/2025\/08\/GRU_1532-1200x802.jpg 1200w\" sizes=\"auto, (max-width: 709px) 85vw, (max-width: 909px) 67vw, (max-width: 1362px) 62vw, 840px\" \/><\/figure>\n\n\n\n<p>In der Ferne alte Geb\u00e4ude erblickt. Mich erinntert es irgendwie an das Jagdthaus aus dem Comic &#8222;Treibjagd&#8220; von Enki Bilal. Das handelt von alternen Ostblockfunktion\u00e4ren die an einem abgelegenen Ort eine Alte Rechnun begleichen. Eins der besten Comics aus meiner Sicht.<br>Nachr\u00e4gliche Recherche hat ergeben, dass dies eine ehemalige Johanniter-Heilst\u00e4tte war.<\/p>\n\n\n\n<figure class=\"wp-block-image size-large\"><img loading=\"lazy\" decoding=\"async\" width=\"1024\" height=\"684\" src=\"https:\/\/hubertruettimann.ch\/blog\/wp-content\/uploads\/2025\/08\/GRU_1531-1024x684.jpg\" alt=\"\" class=\"wp-image-89\" srcset=\"https:\/\/hubertruettimann.ch\/blog\/wp-content\/uploads\/2025\/08\/GRU_1531-1024x684.jpg 1024w, https:\/\/hubertruettimann.ch\/blog\/wp-content\/uploads\/2025\/08\/GRU_1531-300x201.jpg 300w, https:\/\/hubertruettimann.ch\/blog\/wp-content\/uploads\/2025\/08\/GRU_1531-768x513.jpg 768w, https:\/\/hubertruettimann.ch\/blog\/wp-content\/uploads\/2025\/08\/GRU_1531-1536x1027.jpg 1536w, https:\/\/hubertruettimann.ch\/blog\/wp-content\/uploads\/2025\/08\/GRU_1531-2048x1369.jpg 2048w, https:\/\/hubertruettimann.ch\/blog\/wp-content\/uploads\/2025\/08\/GRU_1531-1200x802.jpg 1200w\" sizes=\"auto, (max-width: 709px) 85vw, (max-width: 909px) 67vw, (max-width: 1362px) 62vw, 840px\" \/><\/figure>\n\n\n\n<p>Die Landschaft kann sich auch lieblich zeigen. <\/p>\n\n\n\n<figure class=\"wp-block-image size-large\"><img loading=\"lazy\" decoding=\"async\" width=\"1024\" height=\"684\" src=\"https:\/\/hubertruettimann.ch\/blog\/wp-content\/uploads\/2025\/08\/GRU_1533-1024x684.jpg\" alt=\"\" class=\"wp-image-90\" srcset=\"https:\/\/hubertruettimann.ch\/blog\/wp-content\/uploads\/2025\/08\/GRU_1533-1024x684.jpg 1024w, https:\/\/hubertruettimann.ch\/blog\/wp-content\/uploads\/2025\/08\/GRU_1533-300x201.jpg 300w, https:\/\/hubertruettimann.ch\/blog\/wp-content\/uploads\/2025\/08\/GRU_1533-768x513.jpg 768w, https:\/\/hubertruettimann.ch\/blog\/wp-content\/uploads\/2025\/08\/GRU_1533-1536x1027.jpg 1536w, https:\/\/hubertruettimann.ch\/blog\/wp-content\/uploads\/2025\/08\/GRU_1533-2048x1369.jpg 2048w, https:\/\/hubertruettimann.ch\/blog\/wp-content\/uploads\/2025\/08\/GRU_1533-1200x802.jpg 1200w\" sizes=\"auto, (max-width: 709px) 85vw, (max-width: 909px) 67vw, (max-width: 1362px) 62vw, 840px\" \/><\/figure>\n\n\n\n<p>Und schon wieder am Ende einer Etappe. Hier wird vielleicht mal angekn\u00fcpft. <\/p>\n","protected":false},"excerpt":{"rendered":"<p>Zorge bis Hohegeiss, 14.1 km Von der ersten zur zweiten Etappe einen Sprung durch die Landschaft gemacht. Basislager ist Braunlage mitten im Harzgebierge. Mit dem Bus kam ich in die N\u00e4he des gr\u00fcnen Bandes. Link zu Karten\u00fcbersicht Wetter ist verhalten gut. Trockene Prognose, wenig Sonnenschein, viele Wolken. Im Grunde genommen perfektes Wanderwetter Bushaltestelle nahe des &hellip; <a href=\"https:\/\/hubertruettimann.ch\/blog\/?p=51\" class=\"more-link\"><span class=\"screen-reader-text\">\u201eGr\u00fcnes Band, Etappe 2\u201c <\/span>weiterlesen<\/a><\/p>\n","protected":false},"author":1,"featured_media":0,"comment_status":"closed","ping_status":"","sticky":false,"template":"","format":"standard","meta":{"_jetpack_memberships_contains_paid_content":false,"footnotes":""},"categories":[1],"tags":[],"class_list":["post-51","post","type-post","status-publish","format-standard","hentry","category-uncategorized"],"jetpack_featured_media_url":"","jetpack_sharing_enabled":true,"_links":{"self":[{"href":"https:\/\/hubertruettimann.ch\/blog\/index.php?rest_route=\/wp\/v2\/posts\/51","targetHints":{"allow":["GET"]}}],"collection":[{"href":"https:\/\/hubertruettimann.ch\/blog\/index.php?rest_route=\/wp\/v2\/posts"}],"about":[{"href":"https:\/\/hubertruettimann.ch\/blog\/index.php?rest_route=\/wp\/v2\/types\/post"}],"author":[{"embeddable":true,"href":"https:\/\/hubertruettimann.ch\/blog\/index.php?rest_route=\/wp\/v2\/users\/1"}],"replies":[{"embeddable":true,"href":"https:\/\/hubertruettimann.ch\/blog\/index.php?rest_route=%2Fwp%2Fv2%2Fcomments&post=51"}],"version-history":[{"count":18,"href":"https:\/\/hubertruettimann.ch\/blog\/index.php?rest_route=\/wp\/v2\/posts\/51\/revisions"}],"predecessor-version":[{"id":101,"href":"https:\/\/hubertruettimann.ch\/blog\/index.php?rest_route=\/wp\/v2\/posts\/51\/revisions\/101"}],"wp:attachment":[{"href":"https:\/\/hubertruettimann.ch\/blog\/index.php?rest_route=%2Fwp%2Fv2%2Fmedia&parent=51"}],"wp:term":[{"taxonomy":"category","embeddable":true,"href":"https:\/\/hubertruettimann.ch\/blog\/index.php?rest_route=%2Fwp%2Fv2%2Fcategories&post=51"},{"taxonomy":"post_tag","embeddable":true,"href":"https:\/\/hubertruettimann.ch\/blog\/index.php?rest_route=%2Fwp%2Fv2%2Ftags&post=51"}],"curies":[{"name":"wp","href":"https:\/\/api.w.org\/{rel}","templated":true}]}}